{"id":1803,"date":"2023-05-12T21:00:29","date_gmt":"2023-05-12T21:00:29","guid":{"rendered":"https:\/\/www.helenharperbaby.com\/?p=1803"},"modified":"2023-06-05T14:59:27","modified_gmt":"2023-06-05T14:59:27","slug":"draga-helen-ar-trebui-sa-fiu-ingrijorata-ca-bebelusul-meu-nu-mai-bea-laptele-lui-preferat","status":"publish","type":"post","link":"https:\/\/www.helenharperbaby.com\/ro\/draga-helen-ar-trebui-sa-fiu-ingrijorata-ca-bebelusul-meu-nu-mai-bea-laptele-lui-preferat\/","title":{"rendered":"Drag\u0103 Helen, ar trebui s\u0103 fiu \u00eengrijorat\u0103 c\u0103 bebelu\u0219ul meu nu mai bea laptele lui  preferat?"},"content":{"rendered":"<div class=\"wpb-content-wrapper\"><p>[vc_row][vc_column width=&#8221;1\/1&#8243;][vc_column_text uncode_shortcode_id=&#8221;988883&#8243;]<strong>\u201eDrag\u0103 Helen, am un b\u0103ie\u021bel de 10 luni. Este vesel \u0219i progreseaz\u0103 frumos. Din moment ce nu am avut suficient lapte la \u00eenceput, l-am hr\u0103nit \u0219i cu alt lapte. Dup\u0103 a treia lun\u0103, nu mai aveam lapte, a\u0219a c\u0103 a b\u0103ut lapte adaptat. A fost m\u00e2ncarea lui preferat\u0103, dar de duminica trecut\u0103 a \u00eenceput s-o refuze. Bea cu greu 30-80 ml de lapte. M\u0103n\u00e2nc\u0103 alte alimente f\u0103r\u0103 probleme. Helen, am vreun motiv s\u0103 fiu \u00eengrijorat\u0103?&#8221;<\/strong>[\/vc_column_text][vc_empty_space empty_h=&#8221;2&#8243;][vc_column_text uncode_shortcode_id=&#8221;157880&#8243;]<em>Drag\u0103 m\u0103mic\u0103<\/em>,<\/p>\n<p>Foarte bine c\u0103 ai \u00eencercat s\u0103 al\u0103ptezi cel pu\u021bin dou\u0103 luni!<\/p>\n<p>Dac\u0103 am \u00een\u021beles corect, bebelu\u0219ul t\u0103u bea lapte praf adaptat, pe care acum \u00eel refuz\u0103. \u00cencearc\u0103 un alt produc\u0103tor, sau lapte de vac\u0103 obi\u0219nuit. Dac\u0103 refuz\u0103 \u0219i acest lucru, nu exist\u0103 niciun motiv de \u00eengrijorare.<\/p>\n<p>\u00cencearc\u0103 s\u0103-l amesteci cu terci pentru bebelu\u0219i, spumeaz\u0103-l \u00een budinc\u0103, gri\u0219 fiert, budinc\u0103 de orez etc. De asemenea, \u00ee\u021bi recomand\u0103m s\u0103 folose\u0219ti iaurt, kefir \u0219i alte produse lactate.<\/p>\n<p>De asemenea, se poate \u00eent\u00e2mpla ca un copil s\u0103 refuze laptele praf adaptat pentru o perioad\u0103 de timp \u0219i apoi s\u0103 \u00eenceap\u0103 s\u0103 \u00eel m\u0103n\u00e2nce din nou mai t\u00e2rziu.<\/p>\n<p>Ocazional, ar trebui s\u0103 \u00eencerci din nou, pentru c\u0103 nu \u0219tii niciodat\u0103 c\u00e2nd ar putea s\u0103 te surprind\u0103 pl\u0103cut.[\/vc_column_text][\/vc_column][\/vc_row]<\/p>\n<\/div>","protected":false},"excerpt":{"rendered":"<p>\u00cencearc\u0103 s\u0103-l amesteci cu terci pentru bebelu\u0219i, spumeaz\u0103-l \u00een budinc\u0103, gri\u0219 fiert, budinc\u0103 de orez etc. \u00ce\u021bi recomand\u0103m, de asemenea, s\u0103 &#8230;<\/p>\n","protected":false},"author":4,"featured_media":1557,"comment_status":"open","ping_status":"open","sticky":false,"template":"","format":"standard","meta":{"_acf_changed":false,"footnotes":""},"categories":[66],"tags":[],"class_list":["post-1803","post","type-post","status-publish","format-standard","has-post-thumbnail","hentry","category-hranire"],"acf":[],"yoast_head":"<!-- This site is optimized with the Yoast SEO Premium plugin v27.5 (Yoast SEO v27.5) - https:\/\/yoast.com\/product\/yoast-seo-premium-wordpress\/ -->\n<title>Copilul meu nu mai bea lapte. &#183; Helen Harper Soft and Dry<\/title>\n<meta name=\"description\" content=\"\u00cencearc\u0103 s\u0103-l amesteci cu terci pentru bebelu\u0219i, spumeaz\u0103-l \u00een budinc\u0103, gri\u0219 fiert, budinc\u0103 de orez etc. \u00ce\u021bi recomand\u0103m, de asemenea, s\u0103 ...\" \/>\n<meta name=\"robots\" content=\"index, follow, max-snippet:-1, max-image-preview:large, max-video-preview:-1\" \/>\n<link rel=\"canonical\" href=\"https:\/\/www.helenharperbaby.com\/ro\/draga-helen-ar-trebui-sa-fiu-ingrijorata-ca-bebelusul-meu-nu-mai-bea-laptele-lui-preferat\/\" \/>\n<meta property=\"og:locale\" content=\"ro_RO\" \/>\n<meta property=\"og:type\" content=\"article\" \/>\n<meta property=\"og:title\" content=\"Drag\u0103 Helen, ar trebui s\u0103 fiu \u00eengrijorat\u0103 c\u0103 bebelu\u0219ul meu nu mai bea laptele lui preferat?\" \/>\n<meta property=\"og:description\" content=\"\u00cencearc\u0103 s\u0103-l amesteci cu terci pentru bebelu\u0219i, spumeaz\u0103-l \u00een budinc\u0103, gri\u0219 fiert, budinc\u0103 de orez etc. \u00ce\u021bi recomand\u0103m, de asemenea, s\u0103 ...\" \/>\n<meta property=\"og:url\" content=\"https:\/\/www.helenharperbaby.com\/ro\/draga-helen-ar-trebui-sa-fiu-ingrijorata-ca-bebelusul-meu-nu-mai-bea-laptele-lui-preferat\/\" \/>\n<meta property=\"og:site_name\" content=\"Helen Harper Soft and Dry\" \/>\n<meta property=\"article:published_time\" content=\"2023-05-12T21:00:29+00:00\" \/>\n<meta property=\"article:modified_time\" content=\"2023-06-05T14:59:27+00:00\" \/>\n<meta property=\"og:image\" content=\"https:\/\/www.helenharperbaby.com\/wp-content\/uploads\/2023\/05\/helen_harper_soft_dry_SHOULD-I-BE-WORRIED-THAT-MY-BABY-ISNT-DRINKING-HIS-FAVORITE-MILK-ANYMORE-1.jpg\" \/>\n\t<meta property=\"og:image:width\" content=\"1440\" \/>\n\t<meta property=\"og:image:height\" content=\"1080\" \/>\n\t<meta property=\"og:image:type\" content=\"image\/jpeg\" \/>\n<meta name=\"author\" content=\"ina.duda@ontexglobal.com\" \/>\n<meta name=\"twitter:card\" content=\"summary_large_image\" \/>\n<meta name=\"twitter:label1\" content=\"Scris de\" \/>\n\t<meta name=\"twitter:data1\" content=\"ina.duda@ontexglobal.com\" \/>\n\t<meta name=\"twitter:label2\" content=\"Timp estimat pentru citire\" \/>\n\t<meta name=\"twitter:data2\" content=\"1 minut\" \/>\n<script type=\"application\/ld+json\" class=\"yoast-schema-graph\">{\"@context\":\"https:\\\/\\\/schema.org\",\"@graph\":[{\"@type\":\"Article\",\"@id\":\"https:\\\/\\\/www.helenharperbaby.com\\\/ro\\\/draga-helen-ar-trebui-sa-fiu-ingrijorata-ca-bebelusul-meu-nu-mai-bea-laptele-lui-preferat\\\/#article\",\"isPartOf\":{\"@id\":\"https:\\\/\\\/www.helenharperbaby.com\\\/ro\\\/draga-helen-ar-trebui-sa-fiu-ingrijorata-ca-bebelusul-meu-nu-mai-bea-laptele-lui-preferat\\\/\"},\"author\":{\"name\":\"ina.duda@ontexglobal.com\",\"@id\":\"https:\\\/\\\/www.helenharperbaby.com\\\/ro\\\/#\\\/schema\\\/person\\\/ce7b67174a234ac125608cd881312ba1\"},\"headline\":\"Drag\u0103 Helen, ar trebui s\u0103 fiu \u00eengrijorat\u0103 c\u0103 bebelu\u0219ul meu nu mai bea laptele lui preferat?\",\"datePublished\":\"2023-05-12T21:00:29+00:00\",\"dateModified\":\"2023-06-05T14:59:27+00:00\",\"mainEntityOfPage\":{\"@id\":\"https:\\\/\\\/www.helenharperbaby.com\\\/ro\\\/draga-helen-ar-trebui-sa-fiu-ingrijorata-ca-bebelusul-meu-nu-mai-bea-laptele-lui-preferat\\\/\"},\"wordCount\":275,\"commentCount\":0,\"publisher\":{\"@id\":\"https:\\\/\\\/www.helenharperbaby.com\\\/ro\\\/#organization\"},\"image\":{\"@id\":\"https:\\\/\\\/www.helenharperbaby.com\\\/ro\\\/draga-helen-ar-trebui-sa-fiu-ingrijorata-ca-bebelusul-meu-nu-mai-bea-laptele-lui-preferat\\\/#primaryimage\"},\"thumbnailUrl\":\"https:\\\/\\\/www.helenharperbaby.com\\\/wp-content\\\/uploads\\\/2023\\\/05\\\/helen_harper_soft_dry_SHOULD-I-BE-WORRIED-THAT-MY-BABY-ISNT-DRINKING-HIS-FAVORITE-MILK-ANYMORE-1.jpg\",\"articleSection\":[\"HR\u0102NIRE\"],\"inLanguage\":\"ro-RO\",\"potentialAction\":[{\"@type\":\"CommentAction\",\"name\":\"Comment\",\"target\":[\"https:\\\/\\\/www.helenharperbaby.com\\\/ro\\\/draga-helen-ar-trebui-sa-fiu-ingrijorata-ca-bebelusul-meu-nu-mai-bea-laptele-lui-preferat\\\/#respond\"]}]},{\"@type\":\"WebPage\",\"@id\":\"https:\\\/\\\/www.helenharperbaby.com\\\/ro\\\/draga-helen-ar-trebui-sa-fiu-ingrijorata-ca-bebelusul-meu-nu-mai-bea-laptele-lui-preferat\\\/\",\"url\":\"https:\\\/\\\/www.helenharperbaby.com\\\/ro\\\/draga-helen-ar-trebui-sa-fiu-ingrijorata-ca-bebelusul-meu-nu-mai-bea-laptele-lui-preferat\\\/\",\"name\":\"Copilul meu nu mai bea lapte. &#183; Helen Harper Soft and Dry\",\"isPartOf\":{\"@id\":\"https:\\\/\\\/www.helenharperbaby.com\\\/ro\\\/#website\"},\"primaryImageOfPage\":{\"@id\":\"https:\\\/\\\/www.helenharperbaby.com\\\/ro\\\/draga-helen-ar-trebui-sa-fiu-ingrijorata-ca-bebelusul-meu-nu-mai-bea-laptele-lui-preferat\\\/#primaryimage\"},\"image\":{\"@id\":\"https:\\\/\\\/www.helenharperbaby.com\\\/ro\\\/draga-helen-ar-trebui-sa-fiu-ingrijorata-ca-bebelusul-meu-nu-mai-bea-laptele-lui-preferat\\\/#primaryimage\"},\"thumbnailUrl\":\"https:\\\/\\\/www.helenharperbaby.com\\\/wp-content\\\/uploads\\\/2023\\\/05\\\/helen_harper_soft_dry_SHOULD-I-BE-WORRIED-THAT-MY-BABY-ISNT-DRINKING-HIS-FAVORITE-MILK-ANYMORE-1.jpg\",\"datePublished\":\"2023-05-12T21:00:29+00:00\",\"dateModified\":\"2023-06-05T14:59:27+00:00\",\"description\":\"\u00cencearc\u0103 s\u0103-l amesteci cu terci pentru bebelu\u0219i, spumeaz\u0103-l \u00een budinc\u0103, gri\u0219 fiert, budinc\u0103 de orez etc. \u00ce\u021bi recomand\u0103m, de asemenea, s\u0103 ...\",\"breadcrumb\":{\"@id\":\"https:\\\/\\\/www.helenharperbaby.com\\\/ro\\\/draga-helen-ar-trebui-sa-fiu-ingrijorata-ca-bebelusul-meu-nu-mai-bea-laptele-lui-preferat\\\/#breadcrumb\"},\"inLanguage\":\"ro-RO\",\"potentialAction\":[{\"@type\":\"ReadAction\",\"target\":[\"https:\\\/\\\/www.helenharperbaby.com\\\/ro\\\/draga-helen-ar-trebui-sa-fiu-ingrijorata-ca-bebelusul-meu-nu-mai-bea-laptele-lui-preferat\\\/\"]}]},{\"@type\":\"ImageObject\",\"inLanguage\":\"ro-RO\",\"@id\":\"https:\\\/\\\/www.helenharperbaby.com\\\/ro\\\/draga-helen-ar-trebui-sa-fiu-ingrijorata-ca-bebelusul-meu-nu-mai-bea-laptele-lui-preferat\\\/#primaryimage\",\"url\":\"https:\\\/\\\/www.helenharperbaby.com\\\/wp-content\\\/uploads\\\/2023\\\/05\\\/helen_harper_soft_dry_SHOULD-I-BE-WORRIED-THAT-MY-BABY-ISNT-DRINKING-HIS-FAVORITE-MILK-ANYMORE-1.jpg\",\"contentUrl\":\"https:\\\/\\\/www.helenharperbaby.com\\\/wp-content\\\/uploads\\\/2023\\\/05\\\/helen_harper_soft_dry_SHOULD-I-BE-WORRIED-THAT-MY-BABY-ISNT-DRINKING-HIS-FAVORITE-MILK-ANYMORE-1.jpg\",\"width\":1440,\"height\":1080},{\"@type\":\"BreadcrumbList\",\"@id\":\"https:\\\/\\\/www.helenharperbaby.com\\\/ro\\\/draga-helen-ar-trebui-sa-fiu-ingrijorata-ca-bebelusul-meu-nu-mai-bea-laptele-lui-preferat\\\/#breadcrumb\",\"itemListElement\":[{\"@type\":\"ListItem\",\"position\":1,\"name\":\"Home\",\"item\":\"https:\\\/\\\/www.helenharperbaby.com\\\/ro\\\/\"},{\"@type\":\"ListItem\",\"position\":2,\"name\":\"Drag\u0103 Helen, ar trebui s\u0103 fiu \u00eengrijorat\u0103 c\u0103 bebelu\u0219ul meu nu mai bea laptele lui preferat?\"}]},{\"@type\":\"WebSite\",\"@id\":\"https:\\\/\\\/www.helenharperbaby.com\\\/ro\\\/#website\",\"url\":\"https:\\\/\\\/www.helenharperbaby.com\\\/ro\\\/\",\"name\":\"Helen Harper Baby\",\"description\":\"For moments of pure happiness.\",\"publisher\":{\"@id\":\"https:\\\/\\\/www.helenharperbaby.com\\\/ro\\\/#organization\"},\"potentialAction\":[{\"@type\":\"SearchAction\",\"target\":{\"@type\":\"EntryPoint\",\"urlTemplate\":\"https:\\\/\\\/www.helenharperbaby.com\\\/ro\\\/?s={search_term_string}\"},\"query-input\":{\"@type\":\"PropertyValueSpecification\",\"valueRequired\":true,\"valueName\":\"search_term_string\"}}],\"inLanguage\":\"ro-RO\"},{\"@type\":\"Organization\",\"@id\":\"https:\\\/\\\/www.helenharperbaby.com\\\/ro\\\/#organization\",\"name\":\"Helen Harper Baby\",\"url\":\"https:\\\/\\\/www.helenharperbaby.com\\\/ro\\\/\",\"logo\":{\"@type\":\"ImageObject\",\"inLanguage\":\"ro-RO\",\"@id\":\"https:\\\/\\\/www.helenharperbaby.com\\\/ro\\\/#\\\/schema\\\/logo\\\/image\\\/\",\"url\":\"https:\\\/\\\/www.helenharperbaby.com\\\/wp-content\\\/uploads\\\/2023\\\/04\\\/hh-logo.png\",\"contentUrl\":\"https:\\\/\\\/www.helenharperbaby.com\\\/wp-content\\\/uploads\\\/2023\\\/04\\\/hh-logo.png\",\"width\":350,\"height\":227,\"caption\":\"Helen Harper Baby\"},\"image\":{\"@id\":\"https:\\\/\\\/www.helenharperbaby.com\\\/ro\\\/#\\\/schema\\\/logo\\\/image\\\/\"}},{\"@type\":\"Person\",\"@id\":\"https:\\\/\\\/www.helenharperbaby.com\\\/ro\\\/#\\\/schema\\\/person\\\/ce7b67174a234ac125608cd881312ba1\",\"name\":\"ina.duda@ontexglobal.com\",\"image\":{\"@type\":\"ImageObject\",\"inLanguage\":\"ro-RO\",\"@id\":\"https:\\\/\\\/secure.gravatar.com\\\/avatar\\\/bc8983d4e57a1e7c01fec53ac3e689b685748e082c98ed6bc82713419b0db75e?s=96&d=mm&r=g\",\"url\":\"https:\\\/\\\/secure.gravatar.com\\\/avatar\\\/bc8983d4e57a1e7c01fec53ac3e689b685748e082c98ed6bc82713419b0db75e?s=96&d=mm&r=g\",\"contentUrl\":\"https:\\\/\\\/secure.gravatar.com\\\/avatar\\\/bc8983d4e57a1e7c01fec53ac3e689b685748e082c98ed6bc82713419b0db75e?s=96&d=mm&r=g\",\"caption\":\"ina.duda@ontexglobal.com\"},\"url\":\"https:\\\/\\\/www.helenharperbaby.com\\\/ro\\\/author\\\/ina-dudaontexglobal-com\\\/\"}]}<\/script>\n<!-- \/ Yoast SEO Premium plugin. -->","yoast_head_json":{"title":"Copilul meu nu mai bea lapte. &#183; Helen Harper Soft and Dry","description":"\u00cencearc\u0103 s\u0103-l amesteci cu terci pentru bebelu\u0219i, spumeaz\u0103-l \u00een budinc\u0103, gri\u0219 fiert, budinc\u0103 de orez etc. \u00ce\u021bi recomand\u0103m, de asemenea, s\u0103 ...","robots":{"index":"index","follow":"follow","max-snippet":"max-snippet:-1","max-image-preview":"max-image-preview:large","max-video-preview":"max-video-preview:-1"},"canonical":"https:\/\/www.helenharperbaby.com\/ro\/draga-helen-ar-trebui-sa-fiu-ingrijorata-ca-bebelusul-meu-nu-mai-bea-laptele-lui-preferat\/","og_locale":"ro_RO","og_type":"article","og_title":"Drag\u0103 Helen, ar trebui s\u0103 fiu \u00eengrijorat\u0103 c\u0103 bebelu\u0219ul meu nu mai bea laptele lui preferat?","og_description":"\u00cencearc\u0103 s\u0103-l amesteci cu terci pentru bebelu\u0219i, spumeaz\u0103-l \u00een budinc\u0103, gri\u0219 fiert, budinc\u0103 de orez etc. \u00ce\u021bi recomand\u0103m, de asemenea, s\u0103 ...","og_url":"https:\/\/www.helenharperbaby.com\/ro\/draga-helen-ar-trebui-sa-fiu-ingrijorata-ca-bebelusul-meu-nu-mai-bea-laptele-lui-preferat\/","og_site_name":"Helen Harper Soft and Dry","article_published_time":"2023-05-12T21:00:29+00:00","article_modified_time":"2023-06-05T14:59:27+00:00","og_image":[{"width":1440,"height":1080,"url":"https:\/\/www.helenharperbaby.com\/wp-content\/uploads\/2023\/05\/helen_harper_soft_dry_SHOULD-I-BE-WORRIED-THAT-MY-BABY-ISNT-DRINKING-HIS-FAVORITE-MILK-ANYMORE-1.jpg","type":"image\/jpeg"}],"author":"ina.duda@ontexglobal.com","twitter_card":"summary_large_image","twitter_misc":{"Scris de":"ina.duda@ontexglobal.com","Timp estimat pentru citire":"1 minut"},"schema":{"@context":"https:\/\/schema.org","@graph":[{"@type":"Article","@id":"https:\/\/www.helenharperbaby.com\/ro\/draga-helen-ar-trebui-sa-fiu-ingrijorata-ca-bebelusul-meu-nu-mai-bea-laptele-lui-preferat\/#article","isPartOf":{"@id":"https:\/\/www.helenharperbaby.com\/ro\/draga-helen-ar-trebui-sa-fiu-ingrijorata-ca-bebelusul-meu-nu-mai-bea-laptele-lui-preferat\/"},"author":{"name":"ina.duda@ontexglobal.com","@id":"https:\/\/www.helenharperbaby.com\/ro\/#\/schema\/person\/ce7b67174a234ac125608cd881312ba1"},"headline":"Drag\u0103 Helen, ar trebui s\u0103 fiu \u00eengrijorat\u0103 c\u0103 bebelu\u0219ul meu nu mai bea laptele lui preferat?","datePublished":"2023-05-12T21:00:29+00:00","dateModified":"2023-06-05T14:59:27+00:00","mainEntityOfPage":{"@id":"https:\/\/www.helenharperbaby.com\/ro\/draga-helen-ar-trebui-sa-fiu-ingrijorata-ca-bebelusul-meu-nu-mai-bea-laptele-lui-preferat\/"},"wordCount":275,"commentCount":0,"publisher":{"@id":"https:\/\/www.helenharperbaby.com\/ro\/#organization"},"image":{"@id":"https:\/\/www.helenharperbaby.com\/ro\/draga-helen-ar-trebui-sa-fiu-ingrijorata-ca-bebelusul-meu-nu-mai-bea-laptele-lui-preferat\/#primaryimage"},"thumbnailUrl":"https:\/\/www.helenharperbaby.com\/wp-content\/uploads\/2023\/05\/helen_harper_soft_dry_SHOULD-I-BE-WORRIED-THAT-MY-BABY-ISNT-DRINKING-HIS-FAVORITE-MILK-ANYMORE-1.jpg","articleSection":["HR\u0102NIRE"],"inLanguage":"ro-RO","potentialAction":[{"@type":"CommentAction","name":"Comment","target":["https:\/\/www.helenharperbaby.com\/ro\/draga-helen-ar-trebui-sa-fiu-ingrijorata-ca-bebelusul-meu-nu-mai-bea-laptele-lui-preferat\/#respond"]}]},{"@type":"WebPage","@id":"https:\/\/www.helenharperbaby.com\/ro\/draga-helen-ar-trebui-sa-fiu-ingrijorata-ca-bebelusul-meu-nu-mai-bea-laptele-lui-preferat\/","url":"https:\/\/www.helenharperbaby.com\/ro\/draga-helen-ar-trebui-sa-fiu-ingrijorata-ca-bebelusul-meu-nu-mai-bea-laptele-lui-preferat\/","name":"Copilul meu nu mai bea lapte. &#183; Helen Harper Soft and Dry","isPartOf":{"@id":"https:\/\/www.helenharperbaby.com\/ro\/#website"},"primaryImageOfPage":{"@id":"https:\/\/www.helenharperbaby.com\/ro\/draga-helen-ar-trebui-sa-fiu-ingrijorata-ca-bebelusul-meu-nu-mai-bea-laptele-lui-preferat\/#primaryimage"},"image":{"@id":"https:\/\/www.helenharperbaby.com\/ro\/draga-helen-ar-trebui-sa-fiu-ingrijorata-ca-bebelusul-meu-nu-mai-bea-laptele-lui-preferat\/#primaryimage"},"thumbnailUrl":"https:\/\/www.helenharperbaby.com\/wp-content\/uploads\/2023\/05\/helen_harper_soft_dry_SHOULD-I-BE-WORRIED-THAT-MY-BABY-ISNT-DRINKING-HIS-FAVORITE-MILK-ANYMORE-1.jpg","datePublished":"2023-05-12T21:00:29+00:00","dateModified":"2023-06-05T14:59:27+00:00","description":"\u00cencearc\u0103 s\u0103-l amesteci cu terci pentru bebelu\u0219i, spumeaz\u0103-l \u00een budinc\u0103, gri\u0219 fiert, budinc\u0103 de orez etc. \u00ce\u021bi recomand\u0103m, de asemenea, s\u0103 ...","breadcrumb":{"@id":"https:\/\/www.helenharperbaby.com\/ro\/draga-helen-ar-trebui-sa-fiu-ingrijorata-ca-bebelusul-meu-nu-mai-bea-laptele-lui-preferat\/#breadcrumb"},"inLanguage":"ro-RO","potentialAction":[{"@type":"ReadAction","target":["https:\/\/www.helenharperbaby.com\/ro\/draga-helen-ar-trebui-sa-fiu-ingrijorata-ca-bebelusul-meu-nu-mai-bea-laptele-lui-preferat\/"]}]},{"@type":"ImageObject","inLanguage":"ro-RO","@id":"https:\/\/www.helenharperbaby.com\/ro\/draga-helen-ar-trebui-sa-fiu-ingrijorata-ca-bebelusul-meu-nu-mai-bea-laptele-lui-preferat\/#primaryimage","url":"https:\/\/www.helenharperbaby.com\/wp-content\/uploads\/2023\/05\/helen_harper_soft_dry_SHOULD-I-BE-WORRIED-THAT-MY-BABY-ISNT-DRINKING-HIS-FAVORITE-MILK-ANYMORE-1.jpg","contentUrl":"https:\/\/www.helenharperbaby.com\/wp-content\/uploads\/2023\/05\/helen_harper_soft_dry_SHOULD-I-BE-WORRIED-THAT-MY-BABY-ISNT-DRINKING-HIS-FAVORITE-MILK-ANYMORE-1.jpg","width":1440,"height":1080},{"@type":"BreadcrumbList","@id":"https:\/\/www.helenharperbaby.com\/ro\/draga-helen-ar-trebui-sa-fiu-ingrijorata-ca-bebelusul-meu-nu-mai-bea-laptele-lui-preferat\/#breadcrumb","itemListElement":[{"@type":"ListItem","position":1,"name":"Home","item":"https:\/\/www.helenharperbaby.com\/ro\/"},{"@type":"ListItem","position":2,"name":"Drag\u0103 Helen, ar trebui s\u0103 fiu \u00eengrijorat\u0103 c\u0103 bebelu\u0219ul meu nu mai bea laptele lui preferat?"}]},{"@type":"WebSite","@id":"https:\/\/www.helenharperbaby.com\/ro\/#website","url":"https:\/\/www.helenharperbaby.com\/ro\/","name":"Helen Harper Baby","description":"For moments of pure happiness.","publisher":{"@id":"https:\/\/www.helenharperbaby.com\/ro\/#organization"},"potentialAction":[{"@type":"SearchAction","target":{"@type":"EntryPoint","urlTemplate":"https:\/\/www.helenharperbaby.com\/ro\/?s={search_term_string}"},"query-input":{"@type":"PropertyValueSpecification","valueRequired":true,"valueName":"search_term_string"}}],"inLanguage":"ro-RO"},{"@type":"Organization","@id":"https:\/\/www.helenharperbaby.com\/ro\/#organization","name":"Helen Harper Baby","url":"https:\/\/www.helenharperbaby.com\/ro\/","logo":{"@type":"ImageObject","inLanguage":"ro-RO","@id":"https:\/\/www.helenharperbaby.com\/ro\/#\/schema\/logo\/image\/","url":"https:\/\/www.helenharperbaby.com\/wp-content\/uploads\/2023\/04\/hh-logo.png","contentUrl":"https:\/\/www.helenharperbaby.com\/wp-content\/uploads\/2023\/04\/hh-logo.png","width":350,"height":227,"caption":"Helen Harper Baby"},"image":{"@id":"https:\/\/www.helenharperbaby.com\/ro\/#\/schema\/logo\/image\/"}},{"@type":"Person","@id":"https:\/\/www.helenharperbaby.com\/ro\/#\/schema\/person\/ce7b67174a234ac125608cd881312ba1","name":"ina.duda@ontexglobal.com","image":{"@type":"ImageObject","inLanguage":"ro-RO","@id":"https:\/\/secure.gravatar.com\/avatar\/bc8983d4e57a1e7c01fec53ac3e689b685748e082c98ed6bc82713419b0db75e?s=96&d=mm&r=g","url":"https:\/\/secure.gravatar.com\/avatar\/bc8983d4e57a1e7c01fec53ac3e689b685748e082c98ed6bc82713419b0db75e?s=96&d=mm&r=g","contentUrl":"https:\/\/secure.gravatar.com\/avatar\/bc8983d4e57a1e7c01fec53ac3e689b685748e082c98ed6bc82713419b0db75e?s=96&d=mm&r=g","caption":"ina.duda@ontexglobal.com"},"url":"https:\/\/www.helenharperbaby.com\/ro\/author\/ina-dudaontexglobal-com\/"}]}},"_links":{"self":[{"href":"https:\/\/www.helenharperbaby.com\/ro\/wp-json\/wp\/v2\/posts\/1803","targetHints":{"allow":["GET"]}}],"collection":[{"href":"https:\/\/www.helenharperbaby.com\/ro\/wp-json\/wp\/v2\/posts"}],"about":[{"href":"https:\/\/www.helenharperbaby.com\/ro\/wp-json\/wp\/v2\/types\/post"}],"author":[{"embeddable":true,"href":"https:\/\/www.helenharperbaby.com\/ro\/wp-json\/wp\/v2\/users\/4"}],"replies":[{"embeddable":true,"href":"https:\/\/www.helenharperbaby.com\/ro\/wp-json\/wp\/v2\/comments?post=1803"}],"version-history":[{"count":0,"href":"https:\/\/www.helenharperbaby.com\/ro\/wp-json\/wp\/v2\/posts\/1803\/revisions"}],"wp:featuredmedia":[{"embeddable":true,"href":"https:\/\/www.helenharperbaby.com\/ro\/wp-json\/wp\/v2\/media\/1557"}],"wp:attachment":[{"href":"https:\/\/www.helenharperbaby.com\/ro\/wp-json\/wp\/v2\/media?parent=1803"}],"wp:term":[{"taxonomy":"category","embeddable":true,"href":"https:\/\/www.helenharperbaby.com\/ro\/wp-json\/wp\/v2\/categories?post=1803"},{"taxonomy":"post_tag","embeddable":true,"href":"https:\/\/www.helenharperbaby.com\/ro\/wp-json\/wp\/v2\/tags?post=1803"}],"curies":[{"name":"wp","href":"https:\/\/api.w.org\/{rel}","templated":true}]}}